{"id":1831,"date":"2021-03-18T23:03:44","date_gmt":"2021-03-18T23:03:44","guid":{"rendered":"https:\/\/ideagreen.es\/?p=1831"},"modified":"2021-06-24T23:22:35","modified_gmt":"2021-06-24T23:22:35","slug":"regulatory-framework-and-legislation-for-electric-vehicles","status":"publish","type":"post","link":"https:\/\/ideagreen.es\/en\/electric-mobility\/regulatory-framework-and-legislation-for-electric-vehicles\/","title":{"rendered":"Regulatory framework and legislation for electric vehicles"},"content":{"rendered":"<div class=\"wpb-content-wrapper\"><p>[vc_row][vc_column][vc_column_text]<\/p>\n<h2><span style=\"color: #59b006;\">Tanto veh\u00edculos el\u00e9ctricos como sus puntos de recarga tienen que ser regulados por ley. Descubre su marco normativo y legislaci\u00f3n pertinente, la cual engloba la movilidad del futuro.<\/span><\/h2>\n<p>[\/vc_column_text][vc_empty_space][vc_separator][vc_empty_space][\/vc_column][\/vc_row][vc_row][vc_column][vc_column_text]<\/p>\n<p>Las instalaciones para recarga de veh\u00edculos el\u00e9ctricos son instalaciones en baja tensi\u00f3n (nivel de tensi\u00f3n U&lt;1 kV), por lo que deben regirse por lo establecido en el <strong>Reglamento Electrot\u00e9cnico para Baja Tensi\u00f3n<\/strong>, y en particular por aquellos requisitos que se establecen en la <a href=\"https:\/\/www.tuveras.com\/interiores\/ITC-BT-52\/itc-bt-52.htm\" target=\"_blank\" rel=\"noopener noreferrer\"><strong>ITC-BT-52<\/strong> \u201c<em>Instalaciones con fines especiales. Infraestructura para la recarga de veh\u00edculos el\u00e9ctricos<\/em>\u201d.<\/a><\/p>\n<p>[\/vc_column_text][vc_empty_space]<blockquote class=\"text-big shortcode-blockquote block-style-widget\"><h4 style=\"text-align: left;\"><strong><a href=\"https:\/\/ideatsg.com\/\" target=\"_blank\" rel=\"noopener\"><span style=\"color: #ff0000;\">IDEA<\/span><\/a> <strong>desarrolla el dise\u00f1o y prescripciones t\u00e9cnicas de las infraestructuras de recarga conforme a lo indicado en la normativa vigente. El Real Decreto 842\/2002 incluye en su ITC-BT-52 los requisitos t\u00e9cnicos que deben cumplir las instalaciones de recarga para veh\u00edculos el\u00e9ctricos.<\/strong><\/strong><\/h4>\n<\/blockquote>[vc_empty_space][vc_column_text]<\/p>\n<p>Las disposiciones de esta Instrucci\u00f3n T\u00e9cnica se aplicar\u00e1n a las instalaciones el\u00e9ctricas incluidas en el \u00e1mbito del Reglamento electrot\u00e9cnico para baja tensi\u00f3n con <strong>independencia<\/strong> de si su<strong> titularidad es individual, colectiva o corresponde a un gestor de cargas,<\/strong> necesarias para la recarga de los veh\u00edculos el\u00e9ctricos en lugares p\u00fablicos o privados, tales como:<\/p>\n<p>[\/vc_column_text][vc_empty_space][\/vc_column][\/vc_row][vc_row][vc_column]<div class=\"standard-arrow list-divider bullet-top\"><ul>\n<li>Aparcamientos de viviendas <strong>unifamiliares<\/strong> o de una sola propiedad.<\/li>\n<li>Aparcamientos o estacionamientos <strong>colectivos<\/strong> en edificios o conjuntos inmobiliarios de r\u00e9gimen de propiedad horizontal.<\/li>\n<li>Aparcamientos o estacionamientos de <strong>flotas privadas<\/strong>, cooperativas o de empresa, o los de oficinas, para su propio personal o asociados, los de talleres, de concesionarios de autom\u00f3viles o dep\u00f3sitos municipales de veh\u00edculos el\u00e9ctricos y similares.<\/li>\n<li>Aparcamientos o estacionamientos<strong> p\u00fablicos, gratuitos o de pago,<\/strong> sean de titularidad p\u00fablica o privada.<\/li>\n<li>V\u00edas de dominio p\u00fablico destinadas a la circulaci\u00f3n de veh\u00edculos el\u00e9ctricos, situadas en zonas urbanas y en \u00e1reas de servicio de las carreteras de titularidad del Estado previstas en el art\u00edculo 28 de la Ley 25\/1988, de 29 de julio, de Carreteras.<\/li>\n<\/ul>\n<\/div>[vc_empty_space][\/vc_column][\/vc_row][vc_row][vc_column][vc_column_text]<\/p>\n<p>El reglamento define \u201c<strong>Infraestructura de recarga de veh\u00edculos el\u00e9ctricos\u201d<\/strong> (IVEH\u00cdCULO EL\u00c9CTRICO), como el conjunto de dispositivos f\u00edsicos y l\u00f3gicos, destinados a la recarga de veh\u00edculos el\u00e9ctricos que cumplan los requisitos de seguridad y disponibilidad previstos para cada caso, con capacidad para prestar servicio de recarga de forma completa e integral<\/p>\n<p>[\/vc_column_text][vc_empty_space]<blockquote class=\"text-big shortcode-blockquote block-style-widget\"><h4 style=\"text-align: left;\">Una Infraestructura de recarga (IVEH\u00cdCULO EL\u00c9CTRICO)\u00a0incluye: estaciones de recarga, el sistema de control, canalizaciones el\u00e9ctricas, los cuadros el\u00e9ctricos de mando y protecci\u00f3n y los equipos de medida de veh\u00edculos el\u00e9ctricos.<\/h4>\n<\/blockquote>[\/vc_column][\/vc_row][vc_row][vc_column][vc_empty_space][vc_column_text]<\/p>\n<p><strong>Normativa m\u00e1s relevante<\/strong> de aplicaci\u00f3n, en relaci\u00f3n con el dise\u00f1o e <strong>infraestructuras de recarga para Veh\u00edculos El\u00e9ctricos<\/strong>:<\/p>\n<p>[\/vc_column_text][vc_empty_space]<div class=\"standard-arrow list-divider bullet-top\"><ul>\n<li><strong><span style=\"color: #59b006;\">RD 842\/2002,<\/span><\/strong> de 2 de agosto, por el que se aprueban el Reglamento Electrot\u00e9cnico para Baja Tensi\u00f3n y sus Instrucciones T\u00e9cnicas Complementarias (ITCs).<\/li>\n<li><strong><span style=\"color: #59b006;\">RD 1053\/2014,<\/span><\/strong> de 12 de diciembre, por el que se aprueba la ITC-BT 52, Instalaciones con fines especiales. Infraestructura para la recarga de veh\u00edculos el\u00e9ctricos.<\/li>\n<li><strong><span style=\"color: #59b006;\">UNE 0048<\/span><\/strong>, Infraestructura para la recarga de veh\u00edculos el\u00e9ctricos. Sistema de protecci\u00f3n de la l\u00ednea general de alimentaci\u00f3n (SPL).<\/li>\n<li><strong><span style=\"color: #59b006;\">UNE 62196<\/span><\/strong>, Bases, clavijas, conectores de veh\u00edculo y entradas de veh\u00edculo. Carga conductiva de veh\u00edculos el\u00e9ctricos. Parte 2: Compatibilidad dimensional y requisitos de intercambiabilidad para los accesorios de espigas y alv\u00e9olos en corriente alterna.<\/li>\n<li><strong><span style=\"color: #59b006;\">UNE 61851<\/span><\/strong>, Sistema conductivo de carga para veh\u00edculos el\u00e9ctricos.<\/li>\n<\/ul>\n<\/div>[vc_empty_space][vc_column_text]<\/p>\n<p>En <a href=\"https:\/\/ideatsg.com\/\" target=\"_blank\" rel=\"noopener\"><strong><span style=\"color: #ff0000;\">IDEA<\/span> <\/strong><\/a>ofrecemos una <strong>soluci\u00f3n global<\/strong>, analizando todos los condicionantes t\u00e9cnicos, as\u00ed como las necesidades del cliente, para dotar la soluci\u00f3n dise\u00f1ada de la m\u00e1xima eficiencia, siempre dentro del marco normativo que rige este tipo de instalaciones, garantizando el cumplimiento de todas las prescripciones reglamentarias y la seguridad de las instalaciones.<\/p>\n<p>&nbsp;<\/p>\n<p style=\"text-align: right;\"><em>Por Pedro Jos\u00e9 Aguera #IDEAteams<\/em><\/p>\n<p>[\/vc_column_text][vc_empty_space][vc_separator border_width=&#8221;2&#8243;][vc_empty_space][vc_column_text]<\/p>\n<h4>Ponte en contacto con nosotros para llevar a cabo tu <a title=\"plan de movilidad sostenible\" href=\"https:\/\/ideagreen.es\/en\/electric-mobility\/electric-mobility-plan-a-necessary-reality\/\"><span style=\"color: #59b006;\"><strong>plan de movilidad sostenible<\/strong><\/span><\/a> a trav\u00e9s del siguiente formulario y nuestro equipo de expertos se pondr\u00e1 en contacto contigo lo antes posible:<\/h4>\n<p>[\/vc_column_text][vc_empty_space][\/vc_column][\/vc_row][vc_row][vc_column][vc_separator css=&#8221;.vc_custom_1613647865889{margin-top: 30px !important;margin-bottom: 20px !important;}&#8221;]\n<div class=\"wpcf7 no-js\" id=\"wpcf7-f1393-o1\" lang=\"es-ES\" dir=\"ltr\" data-wpcf7-id=\"1393\">\n<div class=\"screen-reader-response\"><p role=\"status\" aria-live=\"polite\" aria-atomic=\"true\"><\/p> <ul><\/ul><\/div>\n<form action=\"\/en\/wp-json\/wp\/v2\/posts\/1831#wpcf7-f1393-o1\" method=\"post\" class=\"wpcf7-form init\" aria-label=\"Formulario de contacto\" novalidate=\"novalidate\" data-status=\"init\">\n<fieldset class=\"hidden-fields-container\"><input type=\"hidden\" name=\"_wpcf7\" value=\"1393\" \/><input type=\"hidden\" name=\"_wpcf7_version\" value=\"6.1.4\" \/><input type=\"hidden\" name=\"_wpcf7_locale\" value=\"es_ES\" \/><input type=\"hidden\" name=\"_wpcf7_unit_tag\" value=\"wpcf7-f1393-o1\" \/><input type=\"hidden\" name=\"_wpcf7_container_post\" value=\"0\" \/><input type=\"hidden\" name=\"_wpcf7_posted_data_hash\" value=\"\" \/>\n<\/fieldset>\n<div id=\"ultimate-heading-34395ecfa616f031f\" class=\"uvc-heading ult-adjust-bottom-margin ultimate-heading-34395ecfa616f031f uvc-8858 \" style=\"text-align: left;\" data-hspacer=\"no_spacer\" data-halign=\"left\">\n\t<div class=\"uvc-heading-spacer no_spacer\">\n\t<\/div>\n\t<div class=\"uvc-main-heading ult-responsive\" data-ultimate-target=\".uvc-heading.ultimate-heading-34395ecfa616f031f h2\" data-responsive-json-new=\"{&quot;font-size&quot;:&quot;desktop:26px;&quot;,&quot;line-height&quot;:&quot;desktop:36px;&quot;}\">\n\t\t<h2 style=\"font-family: 'Montserrat'; font-weight: 600; color: #888888; margin-bottom: 0.5em;\">Cont\u00e1ctanos\n\t\t<\/h2>\n\t<\/div>\n\t<div class=\"uvc-sub-heading ult-responsive\" style=\"font-family: 'Montserrat'; font-weight: 300; color: #888888; margin-bottom: 1.5em;\" data-ultimate-target=\".uvc-heading.ultimate-heading-34395ecfa616f031f .uvc-sub-heading \" data-responsive-json-new=\"{&quot;font-size&quot;:&quot;desktop:16px;&quot;,&quot;line-height&quot;:&quot;desktop:26px;&quot;}\">\n\t\t<p>No dudes en contactar por tel\u00e9fono <a href=\"tel:++34669869246\"><span class=\"color-red no-break\"><i class=\"fa fa-mobile\"><\/i> (+34) <b>+34 669 869 246<\/b><\/span><\/a>.<br \/>\nEstaremos encantados de poder atenderte.\n\t\t<\/p>\n\t<\/div>\n<\/div>\n<div>\n\t<p><span class=\"wpcf7-form-control-wrap\" data-name=\"your-name\"><input size=\"40\" maxlength=\"400\" class=\"wpcf7-form-control wpcf7-text wpcf7-validates-as-required\" aria-required=\"true\" aria-invalid=\"false\" placeholder=\"Nombre*\" value=\"\" type=\"text\" name=\"your-name\" \/><\/span>\n\t<\/p>\n<\/div>\n<div>\n\t<p><span class=\"wpcf7-form-control-wrap\" data-name=\"your-email\"><input size=\"40\" maxlength=\"400\" class=\"wpcf7-form-control wpcf7-email wpcf7-validates-as-required wpcf7-text wpcf7-validates-as-email\" aria-required=\"true\" aria-invalid=\"false\" placeholder=\"Email*\" value=\"\" type=\"email\" name=\"your-email\" \/><\/span>\n\t<\/p>\n<\/div>\n<div>\n\t<p><span class=\"wpcf7-form-control-wrap\" data-name=\"your-subject\"><input size=\"40\" maxlength=\"400\" class=\"wpcf7-form-control wpcf7-text wpcf7-validates-as-required\" aria-required=\"true\" aria-invalid=\"false\" placeholder=\"Asunto*\" value=\"\" type=\"text\" name=\"your-subject\" \/><\/span>\n\t<\/p>\n<\/div>\n<div>\n\t<p><span class=\"wpcf7-form-control-wrap\" data-name=\"your-message\"><textarea cols=\"2\" rows=\"3\" maxlength=\"2000\" class=\"wpcf7-form-control wpcf7-textarea\" aria-invalid=\"false\" placeholder=\"Mensaje\" name=\"your-message\"><\/textarea><\/span>\n\t<\/p>\n<\/div>\n<div>\n\t<p><span class=\"wpcf7-form-control-wrap\" data-name=\"acceptance-592\"><span class=\"wpcf7-form-control wpcf7-acceptance\"><span class=\"wpcf7-list-item\"><input type=\"checkbox\" name=\"acceptance-592\" value=\"1\" aria-invalid=\"false\" \/><\/span><\/span><\/span> He le\u00eddo y acepto el <a href=\"https:\/\/ideatsg.com\/tratamiento-de-datos\/\" target=\"blank\">Tratamiento de Datos.<\/a>\n\t<\/p>\n<\/div>\n<p><input class=\"wpcf7-form-control wpcf7-submit has-spinner\" type=\"submit\" value=\"Enviar\" \/>\n<\/p><div class=\"wpcf7-response-output\" aria-hidden=\"true\"><\/div>\n<\/form>\n<\/div>\n[\/vc_column][\/vc_row]<\/p>\n<\/div>","protected":false},"excerpt":{"rendered":"<p>Electric vehicles and their charging points have their own regulatory framework and legislation. Discover its regulation with IDEA.<\/p>\n","protected":false},"author":1,"featured_media":1836,"comment_status":"open","ping_status":"closed","sticky":false,"template":"","format":"standard","meta":{"footnotes":""},"categories":[69],"tags":[75,73,74,72,78,76,77,79],"class_list":["post-1831","post","type-post","status-publish","format-standard","has-post-thumbnail","hentry","category-electric-mobility","tag-electric-car","tag-electric-mobility","tag-electric-mobility-plan-for-companies","tag-energy-efficiency","tag-engineering-idea","tag-legislation","tag-regulatory-framework","tag-sustainable-mobility","category-69","description-off"],"yoast_head":"<!-- This site is optimized with the Yoast SEO plugin v27.5 - https:\/\/yoast.com\/product\/yoast-seo-wordpress\/ -->\n<title>Marco normativo y legislaci\u00f3n de los veh\u00edculos el\u00e9ctricos.<\/title>\n<meta name=\"description\" content=\"Electric vehicles and their charging points have their own regulatory framework and legislation. Discover its regulation with IDEA.\" \/>\n<meta name=\"robots\" content=\"index, follow, max-snippet:-1, max-image-preview:large, max-video-preview:-1\" \/>\n<link rel=\"canonical\" href=\"https:\/\/ideagreen.es\/en\/electric-mobility\/regulatory-framework-and-legislation-for-electric-vehicles\/\" \/>\n<meta property=\"og:locale\" content=\"en_US\" \/>\n<meta property=\"og:type\" content=\"article\" \/>\n<meta property=\"og:title\" content=\"Marco normativo y legislaci\u00f3n de los veh\u00edculos el\u00e9ctricos.\" \/>\n<meta property=\"og:description\" content=\"Electric vehicles and their charging points have their own regulatory framework and legislation. Discover its regulation with IDEA.\" \/>\n<meta property=\"og:url\" content=\"https:\/\/ideagreen.es\/en\/electric-mobility\/regulatory-framework-and-legislation-for-electric-vehicles\/\" \/>\n<meta property=\"og:site_name\" content=\"IDEAGREEN\" \/>\n<meta property=\"article:published_time\" content=\"2021-03-18T23:03:44+00:00\" \/>\n<meta property=\"article:modified_time\" content=\"2021-06-24T23:22:35+00:00\" \/>\n<meta property=\"og:image\" content=\"https:\/\/ideagreen.es\/wp-content\/uploads\/2021\/02\/legislacion-marco-normativo-vehiculos-electricos.jpg\" \/>\n\t<meta property=\"og:image:width\" content=\"1024\" \/>\n\t<meta property=\"og:image:height\" content=\"576\" \/>\n\t<meta property=\"og:image:type\" content=\"image\/jpeg\" \/>\n<meta name=\"author\" content=\"AdminB\" \/>\n<meta name=\"twitter:card\" content=\"summary_large_image\" \/>\n<meta name=\"twitter:label1\" content=\"Written by\" \/>\n\t<meta name=\"twitter:data1\" content=\"AdminB\" \/>\n\t<meta name=\"twitter:label2\" content=\"Est. reading time\" \/>\n\t<meta name=\"twitter:data2\" content=\"3 minutes\" \/>\n<script type=\"application\/ld+json\" class=\"yoast-schema-graph\">{\"@context\":\"https:\\\/\\\/schema.org\",\"@graph\":[{\"@type\":\"Article\",\"@id\":\"https:\\\/\\\/ideagreen.es\\\/en\\\/electric-mobility\\\/regulatory-framework-and-legislation-for-electric-vehicles\\\/#article\",\"isPartOf\":{\"@id\":\"https:\\\/\\\/ideagreen.es\\\/en\\\/electric-mobility\\\/regulatory-framework-and-legislation-for-electric-vehicles\\\/\"},\"author\":{\"name\":\"AdminB\",\"@id\":\"https:\\\/\\\/ideagreen.es\\\/#\\\/schema\\\/person\\\/8b2210d9d5baf237878aa4f04fc15e3d\"},\"headline\":\"Regulatory framework and legislation for electric vehicles\",\"datePublished\":\"2021-03-18T23:03:44+00:00\",\"dateModified\":\"2021-06-24T23:22:35+00:00\",\"mainEntityOfPage\":{\"@id\":\"https:\\\/\\\/ideagreen.es\\\/en\\\/electric-mobility\\\/regulatory-framework-and-legislation-for-electric-vehicles\\\/\"},\"wordCount\":837,\"commentCount\":0,\"image\":{\"@id\":\"https:\\\/\\\/ideagreen.es\\\/en\\\/electric-mobility\\\/regulatory-framework-and-legislation-for-electric-vehicles\\\/#primaryimage\"},\"thumbnailUrl\":\"https:\\\/\\\/ideagreen.es\\\/wp-content\\\/uploads\\\/2021\\\/02\\\/legislacion-marco-normativo-vehiculos-electricos.jpg\",\"keywords\":[\"electric car\",\"Electric mobility\",\"electric mobility plan for companies\",\"energy efficiency\",\"Engineering Idea\",\"legislation\",\"Regulatory framework\",\"sustainable mobility\"],\"articleSection\":[\"Electric Mobility\"],\"inLanguage\":\"en-US\",\"potentialAction\":[{\"@type\":\"CommentAction\",\"name\":\"Comment\",\"target\":[\"https:\\\/\\\/ideagreen.es\\\/en\\\/electric-mobility\\\/regulatory-framework-and-legislation-for-electric-vehicles\\\/#respond\"]}]},{\"@type\":\"WebPage\",\"@id\":\"https:\\\/\\\/ideagreen.es\\\/en\\\/electric-mobility\\\/regulatory-framework-and-legislation-for-electric-vehicles\\\/\",\"url\":\"https:\\\/\\\/ideagreen.es\\\/en\\\/electric-mobility\\\/regulatory-framework-and-legislation-for-electric-vehicles\\\/\",\"name\":\"Marco normativo y legislaci\u00f3n de los veh\u00edculos el\u00e9ctricos.\",\"isPartOf\":{\"@id\":\"https:\\\/\\\/ideagreen.es\\\/#website\"},\"primaryImageOfPage\":{\"@id\":\"https:\\\/\\\/ideagreen.es\\\/en\\\/electric-mobility\\\/regulatory-framework-and-legislation-for-electric-vehicles\\\/#primaryimage\"},\"image\":{\"@id\":\"https:\\\/\\\/ideagreen.es\\\/en\\\/electric-mobility\\\/regulatory-framework-and-legislation-for-electric-vehicles\\\/#primaryimage\"},\"thumbnailUrl\":\"https:\\\/\\\/ideagreen.es\\\/wp-content\\\/uploads\\\/2021\\\/02\\\/legislacion-marco-normativo-vehiculos-electricos.jpg\",\"datePublished\":\"2021-03-18T23:03:44+00:00\",\"dateModified\":\"2021-06-24T23:22:35+00:00\",\"author\":{\"@id\":\"https:\\\/\\\/ideagreen.es\\\/#\\\/schema\\\/person\\\/8b2210d9d5baf237878aa4f04fc15e3d\"},\"description\":\"Electric vehicles and their charging points have their own regulatory framework and legislation. Discover its regulation with IDEA.\",\"breadcrumb\":{\"@id\":\"https:\\\/\\\/ideagreen.es\\\/en\\\/electric-mobility\\\/regulatory-framework-and-legislation-for-electric-vehicles\\\/#breadcrumb\"},\"inLanguage\":\"en-US\",\"potentialAction\":[{\"@type\":\"ReadAction\",\"target\":[\"https:\\\/\\\/ideagreen.es\\\/en\\\/electric-mobility\\\/regulatory-framework-and-legislation-for-electric-vehicles\\\/\"]}]},{\"@type\":\"ImageObject\",\"inLanguage\":\"en-US\",\"@id\":\"https:\\\/\\\/ideagreen.es\\\/en\\\/electric-mobility\\\/regulatory-framework-and-legislation-for-electric-vehicles\\\/#primaryimage\",\"url\":\"https:\\\/\\\/ideagreen.es\\\/wp-content\\\/uploads\\\/2021\\\/02\\\/legislacion-marco-normativo-vehiculos-electricos.jpg\",\"contentUrl\":\"https:\\\/\\\/ideagreen.es\\\/wp-content\\\/uploads\\\/2021\\\/02\\\/legislacion-marco-normativo-vehiculos-electricos.jpg\",\"width\":1024,\"height\":576,\"caption\":\"Legislation regulatory framework electric vehicles - sustainable mobility\"},{\"@type\":\"BreadcrumbList\",\"@id\":\"https:\\\/\\\/ideagreen.es\\\/en\\\/electric-mobility\\\/regulatory-framework-and-legislation-for-electric-vehicles\\\/#breadcrumb\",\"itemListElement\":[{\"@type\":\"ListItem\",\"position\":1,\"name\":\"Portada\",\"item\":\"https:\\\/\\\/ideagreen.es\\\/en\\\/ideagreen\\\/\"},{\"@type\":\"ListItem\",\"position\":2,\"name\":\"Regulatory framework and legislation for electric vehicles\"}]},{\"@type\":\"WebSite\",\"@id\":\"https:\\\/\\\/ideagreen.es\\\/#website\",\"url\":\"https:\\\/\\\/ideagreen.es\\\/\",\"name\":\"IDEAGREEN\",\"description\":\"Hidr\u00f3geno Verde, Energ\u00edas Renovables, Fotovoltaica...\",\"potentialAction\":[{\"@type\":\"SearchAction\",\"target\":{\"@type\":\"EntryPoint\",\"urlTemplate\":\"https:\\\/\\\/ideagreen.es\\\/?s={search_term_string}\"},\"query-input\":{\"@type\":\"PropertyValueSpecification\",\"valueRequired\":true,\"valueName\":\"search_term_string\"}}],\"inLanguage\":\"en-US\"},{\"@type\":\"Person\",\"@id\":\"https:\\\/\\\/ideagreen.es\\\/#\\\/schema\\\/person\\\/8b2210d9d5baf237878aa4f04fc15e3d\",\"name\":\"AdminB\",\"image\":{\"@type\":\"ImageObject\",\"inLanguage\":\"en-US\",\"@id\":\"https:\\\/\\\/secure.gravatar.com\\\/avatar\\\/b843bb4dabde4018a3982cf16292148f48ce6dfbe2922fc5bf0b3f58d5014def?s=96&d=mm&r=g\",\"url\":\"https:\\\/\\\/secure.gravatar.com\\\/avatar\\\/b843bb4dabde4018a3982cf16292148f48ce6dfbe2922fc5bf0b3f58d5014def?s=96&d=mm&r=g\",\"contentUrl\":\"https:\\\/\\\/secure.gravatar.com\\\/avatar\\\/b843bb4dabde4018a3982cf16292148f48ce6dfbe2922fc5bf0b3f58d5014def?s=96&d=mm&r=g\",\"caption\":\"AdminB\"},\"sameAs\":[\"https:\\\/\\\/ideagreen.es\"],\"url\":\"https:\\\/\\\/ideagreen.es\\\/en\\\/author\\\/adminb\\\/\"}]}<\/script>\n<!-- \/ Yoast SEO plugin. -->","yoast_head_json":{"title":"Marco normativo y legislaci\u00f3n de los veh\u00edculos el\u00e9ctricos.","description":"Electric vehicles and their charging points have their own regulatory framework and legislation. Discover its regulation with IDEA.","robots":{"index":"index","follow":"follow","max-snippet":"max-snippet:-1","max-image-preview":"max-image-preview:large","max-video-preview":"max-video-preview:-1"},"canonical":"https:\/\/ideagreen.es\/en\/electric-mobility\/regulatory-framework-and-legislation-for-electric-vehicles\/","og_locale":"en_US","og_type":"article","og_title":"Marco normativo y legislaci\u00f3n de los veh\u00edculos el\u00e9ctricos.","og_description":"Electric vehicles and their charging points have their own regulatory framework and legislation. Discover its regulation with IDEA.","og_url":"https:\/\/ideagreen.es\/en\/electric-mobility\/regulatory-framework-and-legislation-for-electric-vehicles\/","og_site_name":"IDEAGREEN","article_published_time":"2021-03-18T23:03:44+00:00","article_modified_time":"2021-06-24T23:22:35+00:00","og_image":[{"width":1024,"height":576,"url":"https:\/\/ideagreen.es\/wp-content\/uploads\/2021\/02\/legislacion-marco-normativo-vehiculos-electricos.jpg","type":"image\/jpeg"}],"author":"AdminB","twitter_card":"summary_large_image","twitter_misc":{"Written by":"AdminB","Est. reading time":"3 minutes"},"schema":{"@context":"https:\/\/schema.org","@graph":[{"@type":"Article","@id":"https:\/\/ideagreen.es\/en\/electric-mobility\/regulatory-framework-and-legislation-for-electric-vehicles\/#article","isPartOf":{"@id":"https:\/\/ideagreen.es\/en\/electric-mobility\/regulatory-framework-and-legislation-for-electric-vehicles\/"},"author":{"name":"AdminB","@id":"https:\/\/ideagreen.es\/#\/schema\/person\/8b2210d9d5baf237878aa4f04fc15e3d"},"headline":"Regulatory framework and legislation for electric vehicles","datePublished":"2021-03-18T23:03:44+00:00","dateModified":"2021-06-24T23:22:35+00:00","mainEntityOfPage":{"@id":"https:\/\/ideagreen.es\/en\/electric-mobility\/regulatory-framework-and-legislation-for-electric-vehicles\/"},"wordCount":837,"commentCount":0,"image":{"@id":"https:\/\/ideagreen.es\/en\/electric-mobility\/regulatory-framework-and-legislation-for-electric-vehicles\/#primaryimage"},"thumbnailUrl":"https:\/\/ideagreen.es\/wp-content\/uploads\/2021\/02\/legislacion-marco-normativo-vehiculos-electricos.jpg","keywords":["electric car","Electric mobility","electric mobility plan for companies","energy efficiency","Engineering Idea","legislation","Regulatory framework","sustainable mobility"],"articleSection":["Electric Mobility"],"inLanguage":"en-US","potentialAction":[{"@type":"CommentAction","name":"Comment","target":["https:\/\/ideagreen.es\/en\/electric-mobility\/regulatory-framework-and-legislation-for-electric-vehicles\/#respond"]}]},{"@type":"WebPage","@id":"https:\/\/ideagreen.es\/en\/electric-mobility\/regulatory-framework-and-legislation-for-electric-vehicles\/","url":"https:\/\/ideagreen.es\/en\/electric-mobility\/regulatory-framework-and-legislation-for-electric-vehicles\/","name":"Marco normativo y legislaci\u00f3n de los veh\u00edculos el\u00e9ctricos.","isPartOf":{"@id":"https:\/\/ideagreen.es\/#website"},"primaryImageOfPage":{"@id":"https:\/\/ideagreen.es\/en\/electric-mobility\/regulatory-framework-and-legislation-for-electric-vehicles\/#primaryimage"},"image":{"@id":"https:\/\/ideagreen.es\/en\/electric-mobility\/regulatory-framework-and-legislation-for-electric-vehicles\/#primaryimage"},"thumbnailUrl":"https:\/\/ideagreen.es\/wp-content\/uploads\/2021\/02\/legislacion-marco-normativo-vehiculos-electricos.jpg","datePublished":"2021-03-18T23:03:44+00:00","dateModified":"2021-06-24T23:22:35+00:00","author":{"@id":"https:\/\/ideagreen.es\/#\/schema\/person\/8b2210d9d5baf237878aa4f04fc15e3d"},"description":"Electric vehicles and their charging points have their own regulatory framework and legislation. Discover its regulation with IDEA.","breadcrumb":{"@id":"https:\/\/ideagreen.es\/en\/electric-mobility\/regulatory-framework-and-legislation-for-electric-vehicles\/#breadcrumb"},"inLanguage":"en-US","potentialAction":[{"@type":"ReadAction","target":["https:\/\/ideagreen.es\/en\/electric-mobility\/regulatory-framework-and-legislation-for-electric-vehicles\/"]}]},{"@type":"ImageObject","inLanguage":"en-US","@id":"https:\/\/ideagreen.es\/en\/electric-mobility\/regulatory-framework-and-legislation-for-electric-vehicles\/#primaryimage","url":"https:\/\/ideagreen.es\/wp-content\/uploads\/2021\/02\/legislacion-marco-normativo-vehiculos-electricos.jpg","contentUrl":"https:\/\/ideagreen.es\/wp-content\/uploads\/2021\/02\/legislacion-marco-normativo-vehiculos-electricos.jpg","width":1024,"height":576,"caption":"Legislation regulatory framework electric vehicles - sustainable mobility"},{"@type":"BreadcrumbList","@id":"https:\/\/ideagreen.es\/en\/electric-mobility\/regulatory-framework-and-legislation-for-electric-vehicles\/#breadcrumb","itemListElement":[{"@type":"ListItem","position":1,"name":"Portada","item":"https:\/\/ideagreen.es\/en\/ideagreen\/"},{"@type":"ListItem","position":2,"name":"Regulatory framework and legislation for electric vehicles"}]},{"@type":"WebSite","@id":"https:\/\/ideagreen.es\/#website","url":"https:\/\/ideagreen.es\/","name":"IDEAGREEN","description":"Hidr\u00f3geno Verde, Energ\u00edas Renovables, Fotovoltaica...","potentialAction":[{"@type":"SearchAction","target":{"@type":"EntryPoint","urlTemplate":"https:\/\/ideagreen.es\/?s={search_term_string}"},"query-input":{"@type":"PropertyValueSpecification","valueRequired":true,"valueName":"search_term_string"}}],"inLanguage":"en-US"},{"@type":"Person","@id":"https:\/\/ideagreen.es\/#\/schema\/person\/8b2210d9d5baf237878aa4f04fc15e3d","name":"AdminB","image":{"@type":"ImageObject","inLanguage":"en-US","@id":"https:\/\/secure.gravatar.com\/avatar\/b843bb4dabde4018a3982cf16292148f48ce6dfbe2922fc5bf0b3f58d5014def?s=96&d=mm&r=g","url":"https:\/\/secure.gravatar.com\/avatar\/b843bb4dabde4018a3982cf16292148f48ce6dfbe2922fc5bf0b3f58d5014def?s=96&d=mm&r=g","contentUrl":"https:\/\/secure.gravatar.com\/avatar\/b843bb4dabde4018a3982cf16292148f48ce6dfbe2922fc5bf0b3f58d5014def?s=96&d=mm&r=g","caption":"AdminB"},"sameAs":["https:\/\/ideagreen.es"],"url":"https:\/\/ideagreen.es\/en\/author\/adminb\/"}]}},"_links":{"self":[{"href":"https:\/\/ideagreen.es\/en\/wp-json\/wp\/v2\/posts\/1831","targetHints":{"allow":["GET"]}}],"collection":[{"href":"https:\/\/ideagreen.es\/en\/wp-json\/wp\/v2\/posts"}],"about":[{"href":"https:\/\/ideagreen.es\/en\/wp-json\/wp\/v2\/types\/post"}],"author":[{"embeddable":true,"href":"https:\/\/ideagreen.es\/en\/wp-json\/wp\/v2\/users\/1"}],"replies":[{"embeddable":true,"href":"https:\/\/ideagreen.es\/en\/wp-json\/wp\/v2\/comments?post=1831"}],"version-history":[{"count":11,"href":"https:\/\/ideagreen.es\/en\/wp-json\/wp\/v2\/posts\/1831\/revisions"}],"predecessor-version":[{"id":2014,"href":"https:\/\/ideagreen.es\/en\/wp-json\/wp\/v2\/posts\/1831\/revisions\/2014"}],"wp:featuredmedia":[{"embeddable":true,"href":"https:\/\/ideagreen.es\/en\/wp-json\/wp\/v2\/media\/1836"}],"wp:attachment":[{"href":"https:\/\/ideagreen.es\/en\/wp-json\/wp\/v2\/media?parent=1831"}],"wp:term":[{"taxonomy":"category","embeddable":true,"href":"https:\/\/ideagreen.es\/en\/wp-json\/wp\/v2\/categories?post=1831"},{"taxonomy":"post_tag","embeddable":true,"href":"https:\/\/ideagreen.es\/en\/wp-json\/wp\/v2\/tags?post=1831"}],"curies":[{"name":"wp","href":"https:\/\/api.w.org\/{rel}","templated":true}]}}